{"id":1197,"date":"2017-04-07T18:25:26","date_gmt":"2017-04-07T16:25:26","guid":{"rendered":"https:\/\/www.ig-herne-city.com\/?p=1197"},"modified":"2017-04-07T18:25:47","modified_gmt":"2017-04-07T16:25:47","slug":"neuer-vorstand-und-beirat-der-ig-city","status":"publish","type":"post","link":"https:\/\/ig-herne-city.com\/index.php\/2017\/04\/07\/neuer-vorstand-und-beirat-der-ig-city\/","title":{"rendered":"Neuer Vorstand und Beirat der IG City"},"content":{"rendered":"<p>In der vergangenen Woche wurde der Vorstand und der Beirat neu gew\u00e4hlt.<br \/>\nDiese setzen sich nun wie folgt zusammen:<\/p>\n<p class=\"p1\"><strong><span class=\"s1\">Vorstand<\/span><\/strong><\/p>\n<p class=\"p1\"><span class=\"s1\">Herr Norbert Menzel (LMV) Vorsitz und Gesch\u00e4ftsf\u00fchrer der IG Herne City Veranstaltungs GmbH<br \/>\n<\/span><span class=\"s1\">Stellvertreter:\u00a0 Herr Jens Reiter (H\u00e4ndler \/ Reiter Fashion)<br \/>\n<\/span><span class=\"s1\">Herr Dirk Pl\u00f6tzke (Vorstand\u00a0 Herner Sparkasse)<br \/>\n<\/span><span class=\"s1\">Schatzmeister: Holger Wennrich (Gesch\u00e4ftsf\u00fchrer Stadtmarketing Herne GmbH)<\/span><\/p>\n<p class=\"p1\"><span class=\"s1\">\u00a0\u00a0\u00a0\u00a0\u00a0\u00a0\u00a0\u00a0\u00a0\u00a0\u00a0\u00a0\u00a0\u00a0\u00a0\u00a0\u00a0\u00a0\u00a0\u00a0\u00a0\u00a0<\/span><\/p>\n<p class=\"p1\"><strong><span class=\"s1\"> Mitglieder des Beirats<\/span><\/strong><\/p>\n<p class=\"p1\"><span class=\"s1\">Herr Heinrich Beesterm\u00f6ller (Rechtsanwalt, Immobilieneigent\u00fcmer\u00a0 Bahnhofstra\u00dfe)<br \/>\n<\/span><span class=\"s1\">Frau Christina M\u00fcller (H\u00e4ndlerin \/ Fa. Mikado)<br \/>\n<\/span><span class=\"s1\">Herr Thomas Niehage ( Immobiliengesellschaft, Immobilieneigent\u00fcmer Bahnhofstra\u00dfe)<br \/>\n<\/span><span class=\"s1\">Frau Nehle Reiter-Gies (H\u00e4ndlerin \/ Fa. Reiter Fashion)<br \/>\n<\/span><span class=\"s1\">Frau Elisabeth R\u00f6ttsches (H\u00e4ndlerin \/ Fa. Koethers und R\u00f6ttsches)<br \/>\n<\/span><span class=\"s1\">Herr Frank Wiacker (Konditor \/ Fa. Wiacker)<\/span><\/p>\n","protected":false},"excerpt":{"rendered":"<p>In der vergangenen Woche wurde der Vorstand und der Beirat neu gew\u00e4hlt. Diese setzen sich nun wie folgt zusammen: Vorstand Herr Norbert Menzel (LMV) Vorsitz und Gesch\u00e4ftsf\u00fchrer der IG Herne [&hellip;]<\/p>\n","protected":false},"author":13,"featured_media":0,"comment_status":"open","ping_status":"open","sticky":false,"template":"","format":"standard","meta":{"footnotes":""},"categories":[1],"tags":[],"class_list":["post-1197","post","type-post","status-publish","format-standard","hentry","category-uncategorized"],"_links":{"self":[{"href":"https:\/\/ig-herne-city.com\/index.php\/wp-json\/wp\/v2\/posts\/1197","targetHints":{"allow":["GET"]}}],"collection":[{"href":"https:\/\/ig-herne-city.com\/index.php\/wp-json\/wp\/v2\/posts"}],"about":[{"href":"https:\/\/ig-herne-city.com\/index.php\/wp-json\/wp\/v2\/types\/post"}],"author":[{"embeddable":true,"href":"https:\/\/ig-herne-city.com\/index.php\/wp-json\/wp\/v2\/users\/13"}],"replies":[{"embeddable":true,"href":"https:\/\/ig-herne-city.com\/index.php\/wp-json\/wp\/v2\/comments?post=1197"}],"version-history":[{"count":2,"href":"https:\/\/ig-herne-city.com\/index.php\/wp-json\/wp\/v2\/posts\/1197\/revisions"}],"predecessor-version":[{"id":1199,"href":"https:\/\/ig-herne-city.com\/index.php\/wp-json\/wp\/v2\/posts\/1197\/revisions\/1199"}],"wp:attachment":[{"href":"https:\/\/ig-herne-city.com\/index.php\/wp-json\/wp\/v2\/media?parent=1197"}],"wp:term":[{"taxonomy":"category","embeddable":true,"href":"https:\/\/ig-herne-city.com\/index.php\/wp-json\/wp\/v2\/categories?post=1197"},{"taxonomy":"post_tag","embeddable":true,"href":"https:\/\/ig-herne-city.com\/index.php\/wp-json\/wp\/v2\/tags?post=1197"}],"curies":[{"name":"wp","href":"https:\/\/api.w.org\/{rel}","templated":true}]}}